{"id":2355,"date":"2024-01-23T12:26:01","date_gmt":"2024-01-23T12:26:01","guid":{"rendered":"https:\/\/vexpansion.com\/?p=2355"},"modified":"2024-01-23T12:45:05","modified_gmt":"2024-01-23T12:45:05","slug":"energia-sostenible-para-cordoba-tres-microplantas-solares-impulsadas-por-cooperativas-ciudadanas-redefiniran-la-facturacion-electrica","status":"publish","type":"post","link":"https:\/\/vexpansion.com\/index.php\/2024\/01\/23\/energia-sostenible-para-cordoba-tres-microplantas-solares-impulsadas-por-cooperativas-ciudadanas-redefiniran-la-facturacion-electrica\/","title":{"rendered":"Energ\u00eda sostenible para C\u00f3rdoba: Tres microplantas solares impulsadas por Cooperativas Ciudadanas redefinir\u00e1n la facturaci\u00f3n el\u00e9ctrica"},"content":{"rendered":"\t\t<div data-elementor-type=\"wp-post\" data-elementor-id=\"2355\" class=\"elementor elementor-2355\" data-elementor-post-type=\"post\">\n\t\t\t\t\t\t\t\t\t<section class=\"elementor-section elementor-top-section elementor-element elementor-element-16ac527b elementor-section-boxed elementor-section-height-default elementor-section-height-default\" data-id=\"16ac527b\" data-element_type=\"section\">\n\t\t\t\t\t\t<div class=\"elementor-container elementor-column-gap-default\">\n\t\t\t\t\t<div class=\"elementor-column elementor-col-100 elementor-top-column elementor-element elementor-element-23b52fb7\" data-id=\"23b52fb7\" data-element_type=\"column\">\n\t\t\t<div class=\"elementor-widget-wrap elementor-element-populated\">\n\t\t\t\t\t\t\t\t<div class=\"elementor-element elementor-element-07e14eb elementor-widget elementor-widget-heading\" data-id=\"07e14eb\" data-element_type=\"widget\" data-widget_type=\"heading.default\">\n\t\t\t\t<div class=\"elementor-widget-container\">\n\t\t\t<style>\/*! elementor - v3.15.0 - 20-08-2023 *\/\n.elementor-heading-title{padding:0;margin:0;line-height:1}.elementor-widget-heading .elementor-heading-title[class*=elementor-size-]>a{color:inherit;font-size:inherit;line-height:inherit}.elementor-widget-heading .elementor-heading-title.elementor-size-small{font-size:15px}.elementor-widget-heading .elementor-heading-title.elementor-size-medium{font-size:19px}.elementor-widget-heading .elementor-heading-title.elementor-size-large{font-size:29px}.elementor-widget-heading .elementor-heading-title.elementor-size-xl{font-size:39px}.elementor-widget-heading .elementor-heading-title.elementor-size-xxl{font-size:59px}<\/style><h2 class=\"elementor-heading-title elementor-size-default\">Llega la energ\u00eda sostenible para C\u00f3rdoba<\/h2>\t\t<\/div>\n\t\t\t\t<\/div>\n\t\t\t\t<div class=\"elementor-element elementor-element-620463eb elementor-widget__width-initial elementor-widget elementor-widget-text-editor\" data-id=\"620463eb\" data-element_type=\"widget\" data-widget_type=\"text-editor.default\">\n\t\t\t\t<div class=\"elementor-widget-container\">\n\t\t\t<style>\/*! elementor - v3.15.0 - 20-08-2023 *\/\n.elementor-widget-text-editor.elementor-drop-cap-view-stacked .elementor-drop-cap{background-color:#69727d;color:#fff}.elementor-widget-text-editor.elementor-drop-cap-view-framed .elementor-drop-cap{color:#69727d;border:3px solid;background-color:transparent}.elementor-widget-text-editor:not(.elementor-drop-cap-view-default) .elementor-drop-cap{margin-top:8px}.elementor-widget-text-editor:not(.elementor-drop-cap-view-default) .elementor-drop-cap-letter{width:1em;height:1em}.elementor-widget-text-editor .elementor-drop-cap{float:left;text-align:center;line-height:1;font-size:50px}.elementor-widget-text-editor .elementor-drop-cap-letter{display:inline-block}<\/style>\t\t\t\t\t\t\t\t\t\t<\/div>\n\t\t\t\t<\/div>\n\t\t\t\t\t<\/div>\n\t\t<\/div>\n\t\t\t\t\t\t\t<\/div>\n\t\t<\/section>\n\t\t\t\t<section class=\"elementor-section elementor-top-section elementor-element elementor-element-08c071e elementor-section-boxed elementor-section-height-default elementor-section-height-default\" data-id=\"08c071e\" data-element_type=\"section\">\n\t\t\t\t\t\t<div class=\"elementor-container elementor-column-gap-default\">\n\t\t\t\t\t<div class=\"elementor-column elementor-col-100 elementor-top-column elementor-element elementor-element-b39f8a0\" data-id=\"b39f8a0\" data-element_type=\"column\">\n\t\t\t<div class=\"elementor-widget-wrap\">\n\t\t\t\t\t\t\t\t\t<\/div>\n\t\t<\/div>\n\t\t\t\t\t\t\t<\/div>\n\t\t<\/section>\n\t\t\t\t<section class=\"elementor-section elementor-top-section elementor-element elementor-element-bd5185b elementor-section-boxed elementor-section-height-default elementor-section-height-default\" data-id=\"bd5185b\" data-element_type=\"section\">\n\t\t\t\t\t\t<div class=\"elementor-container elementor-column-gap-default\">\n\t\t\t\t\t<div class=\"elementor-column elementor-col-100 elementor-top-column elementor-element elementor-element-01bcbed\" data-id=\"01bcbed\" data-element_type=\"column\">\n\t\t\t<div class=\"elementor-widget-wrap elementor-element-populated\">\n\t\t\t\t\t\t\t\t<div class=\"elementor-element elementor-element-14d9a1a elementor-widget elementor-widget-image\" data-id=\"14d9a1a\" data-element_type=\"widget\" data-widget_type=\"image.default\">\n\t\t\t\t<div class=\"elementor-widget-container\">\n\t\t\t<style>\/*! elementor - v3.15.0 - 20-08-2023 *\/\n.elementor-widget-image{text-align:center}.elementor-widget-image a{display:inline-block}.elementor-widget-image a img[src$=\".svg\"]{width:48px}.elementor-widget-image img{vertical-align:middle;display:inline-block}<\/style>\t\t\t\t\t\t\t\t\t\t\t\t<img loading=\"lazy\" decoding=\"async\" width=\"768\" height=\"432\" src=\"https:\/\/vexpansion.com\/wp-content\/uploads\/2024\/01\/placa-solar-768x432.webp\" class=\"attachment-medium_large size-medium_large wp-image-2356\" alt=\"\" srcset=\"https:\/\/vexpansion.com\/wp-content\/uploads\/2024\/01\/placa-solar-768x432.webp 768w, https:\/\/vexpansion.com\/wp-content\/uploads\/2024\/01\/placa-solar-300x169.webp 300w, https:\/\/vexpansion.com\/wp-content\/uploads\/2024\/01\/placa-solar-1024x576.webp 1024w, https:\/\/vexpansion.com\/wp-content\/uploads\/2024\/01\/placa-solar-1536x864.webp 1536w, https:\/\/vexpansion.com\/wp-content\/uploads\/2024\/01\/placa-solar.webp 1900w\" sizes=\"auto, (max-width: 768px) 100vw, 768px\" \/>\t\t\t\t\t\t\t\t\t\t\t\t\t\t\t<\/div>\n\t\t\t\t<\/div>\n\t\t\t\t<div class=\"elementor-element elementor-element-0970464 elementor-widget elementor-widget-text-editor\" data-id=\"0970464\" data-element_type=\"widget\" data-widget_type=\"text-editor.default\">\n\t\t\t\t<div class=\"elementor-widget-container\">\n\t\t\t\t\t\t\t<p><span style=\"color: var( --e-global-color-text ); font-family: var( --e-global-typography-text-font-family ), Sans-serif; font-size: var( --e-global-typography-text-font-size ); font-weight: var( --e-global-typography-text-font-weight ); letter-spacing: var( --e-global-typography-text-letter-spacing );\">En un esfuerzo conjunto por impulsar la sostenibilidad y abaratar los costos energ\u00e9ticos, C\u00f3rdoba capital se prepara para albergar tres microplantas solares gestionadas por cooperativas energ\u00e9ticas ciudadanas. Este ambicioso proyecto, liderado por la Federaci\u00f3n Andaluza de Cooperativas de Trabajo Asociado (Faecta), ha recibido el respaldo del Ayuntamiento de C\u00f3rdoba, cuyo alcalde, Jos\u00e9 Mar\u00eda Bellido, present\u00f3 la iniciativa ante los medios de comunicaci\u00f3n este martes.<\/span><\/p><p>La visi\u00f3n de Faecta ha sido respaldada por la Federaci\u00f3n de Cooperativas Andaluzas durante dos a\u00f1os, en consonancia con la directiva de la Comisi\u00f3n Europea que fomenta las comunidades energ\u00e9ticas ciudadanas mediante cooperativas de consumo. La provincia de C\u00f3rdoba ver\u00e1 la creaci\u00f3n de 15 comunidades energ\u00e9ticas ciudadanas, siendo tres de ellas establecidas en la capital.<\/p><p>La localizaci\u00f3n propuesta para estas microplantas solares es especialmente prometedora: los terrenos de la empresa Cementerios de C\u00f3rdoba (Cecosam) en Alcolea, cuya cesi\u00f3n se encuentra en consideraci\u00f3n. Estas microplantas, ya preautorizadas por Endesa, seguir\u00e1n los pasos de un proyecto similar en Encinarejo, que est\u00e1 a punto de iniciar operaciones.<\/p><p>\u00a0<\/p><p><strong>Ahorro significativo para los ciudadanos: Tres c\u00e9ntimos por Kilovatio Hora<\/strong><\/p><p>El presidente de Faecta, Francisco Molina, destac\u00f3 que las cooperativas energ\u00e9ticas ciudadanas no solo son una elecci\u00f3n ecol\u00f3gica, sino que tambi\u00e9n ofrecen ventajas econ\u00f3micas sustanciales para los ciudadanos. Un vecino interesado en formar parte de la cooperativa deber\u00eda invertir aproximadamente 2.000 euros, lo que resultar\u00eda en un costo de la energ\u00eda reducido a tres c\u00e9ntimos por kilovatio hora, en comparaci\u00f3n con los 12-14 c\u00e9ntimos del mercado actual.<\/p><p>Molina subray\u00f3 que, a pesar de que la instalaci\u00f3n de una planta de autoconsumo solar suele tener un costo de inversi\u00f3n de alrededor de 7.000 euros en la actualidad, la inversi\u00f3n inicial para unirse a la cooperativa se reduce considerablemente. Adem\u00e1s, el precio fijado de tres c\u00e9ntimos se mantendr\u00e1 constante a lo largo de los 25 a\u00f1os de vida \u00fatil de la planta.<\/p><p>\u00a0<\/p><p><strong>Informaci\u00f3n accesible y adhesi\u00f3n al proyecto<\/strong><\/p><p>Para fomentar el conocimiento sobre estas comunidades energ\u00e9ticas, se ha lanzado la web consumocooperativo.es, que proporciona informaci\u00f3n detallada sobre el proyecto. Se espera que las inscripciones para las familias interesadas se abran en marzo y abril, una vez evaluada la idoneidad del suelo y obtenidas las licencias urban\u00edsticas.<\/p><p>Molina tambi\u00e9n anunci\u00f3 que, gracias a un acuerdo nacional con Mondrag\u00f3n, los socios podr\u00e1n disfrutar de beneficios desde el momento en que se constituya la comunidad, eliminando la espera durante la construcci\u00f3n de la planta, estimada en cinco o seis meses.<\/p><p>Adem\u00e1s, al igual que con las placas solares de autoconsumo, asociarse a estas cooperativas conlleva bonificaciones fiscales en el Impuesto de Bienes Inmuebles (IBI), seg\u00fan lo contemplado en las ordenanzas fiscales de 2024 del Ayuntamiento de C\u00f3rdoba. Este proyecto no solo representa un paso hacia un modelo energ\u00e9tico m\u00e1s sostenible, sino tambi\u00e9n una oportunidad para los ciudadanos de C\u00f3rdoba de participar activamente en la transici\u00f3n hacia un futuro m\u00e1s verde y econ\u00f3micamente viable.<\/p>\t\t\t\t\t\t<\/div>\n\t\t\t\t<\/div>\n\t\t\t\t\t<\/div>\n\t\t<\/div>\n\t\t\t\t\t\t\t<\/div>\n\t\t<\/section>\n\t\t\t\t\t\t\t<\/div>\n\t\t","protected":false},"excerpt":{"rendered":"<p>Llega la energ\u00eda sostenible para C\u00f3rdoba En un esfuerzo conjunto por impulsar la sostenibilidad y abaratar los costos energ\u00e9ticos, C\u00f3rdoba capital se prepara para albergar tres microplantas solares gestionadas por &#8230;<\/p>\n","protected":false},"author":4,"featured_media":0,"comment_status":"open","ping_status":"open","sticky":false,"template":"","format":"standard","meta":{"footnotes":""},"categories":[1],"tags":[],"class_list":["post-2355","post","type-post","status-publish","format-standard","hentry","category-uncategorized"],"_links":{"self":[{"href":"https:\/\/vexpansion.com\/index.php\/wp-json\/wp\/v2\/posts\/2355","targetHints":{"allow":["GET"]}}],"collection":[{"href":"https:\/\/vexpansion.com\/index.php\/wp-json\/wp\/v2\/posts"}],"about":[{"href":"https:\/\/vexpansion.com\/index.php\/wp-json\/wp\/v2\/types\/post"}],"author":[{"embeddable":true,"href":"https:\/\/vexpansion.com\/index.php\/wp-json\/wp\/v2\/users\/4"}],"replies":[{"embeddable":true,"href":"https:\/\/vexpansion.com\/index.php\/wp-json\/wp\/v2\/comments?post=2355"}],"version-history":[{"count":4,"href":"https:\/\/vexpansion.com\/index.php\/wp-json\/wp\/v2\/posts\/2355\/revisions"}],"predecessor-version":[{"id":2362,"href":"https:\/\/vexpansion.com\/index.php\/wp-json\/wp\/v2\/posts\/2355\/revisions\/2362"}],"wp:attachment":[{"href":"https:\/\/vexpansion.com\/index.php\/wp-json\/wp\/v2\/media?parent=2355"}],"wp:term":[{"taxonomy":"category","embeddable":true,"href":"https:\/\/vexpansion.com\/index.php\/wp-json\/wp\/v2\/categories?post=2355"},{"taxonomy":"post_tag","embeddable":true,"href":"https:\/\/vexpansion.com\/index.php\/wp-json\/wp\/v2\/tags?post=2355"}],"curies":[{"name":"wp","href":"https:\/\/api.w.org\/{rel}","templated":true}]}}